{"id":906,"date":"2016-04-10T11:12:10","date_gmt":"2016-04-10T10:12:10","guid":{"rendered":"http:\/\/www.regardsdechiens.fr\/?p=906"},"modified":"2016-04-23T09:17:26","modified_gmt":"2016-04-23T08:17:26","slug":"concours-dagility-du-10-avril-au-relecq-kerhuon","status":"publish","type":"post","link":"https:\/\/regardsdechiens.fr\/?p=906","title":{"rendered":"Concours d&rsquo;Agility du 10 avril au Relecq-Kerhuon"},"content":{"rendered":"<p>Nos agilitistes \u00e9taient au Relecq-Kerhuon ce 10 avril, sous la pluie !<center><i>Cliquez sur les liens pour afficher les classements complets, et sur les petites cam\u00e9ras pour voir les vid\u00e9os !<\/i><\/p>\n<p><img decoding=\"async\" src=\"\/wp-content\/uploads\/2016\/04\/hermine.jpg\" style=\"-moz-border-radius: 15px; -webkit-border-radius: 15px; border-radius: 15px; box-shadow: 2px 2px 2px 0 black; -moz-box-shadow: 2px 2px 2px 0 black; -webkit-box-shadow: 2px 2px 2px 0 black;\"><\/center><img decoding=\"async\" src=\"\/wp-content\/uploads\/pucepatte.png\">&nbsp;&nbsp;<a href=\"wp-content\/uploads\/2016\/04\/open-senior-c.jpg\" target=\"_blank\"><b>Open &#8211; cat\u00e9gorie C &#8211; classe Senior<\/b><\/a><br \/>Isy et Coco se classent 1\u00e8res avec z\u00e9ro faute <a href=\"https:\/\/www.youtube.com\/watch?v=SbE0GHsOMjc&#038;feature=youtu.be\" target=\"_blank\"><img decoding=\"async\" src=\"\/wp-content\/uploads\/camera.png\"><\/a>, Jazzie et Marie sont 7\u00e8mes <a href=\"https:\/\/www.youtube.com\/watch?v=yZ8gog4BcYE&#038;feature=youtu.be\" target=\"_blank\"><img decoding=\"async\" src=\"\/wp-content\/uploads\/camera.png\"><\/a> et Eddy et Claude occupent la 13\u00e8me place !<\/p>\n<p><img decoding=\"async\" src=\"\/wp-content\/uploads\/pucepatte.png\">&nbsp;&nbsp;<b>Brevet &#8211; cat\u00e9gorie C &#8211; classe Senior<\/b><br \/>Isy et Coco d\u00e9crochent un excellent sans faute !<\/p>\n<p><img decoding=\"async\" src=\"\/wp-content\/uploads\/pucepatte.png\">&nbsp;&nbsp;<a href=\"wp-content\/uploads\/2016\/04\/relecq-1d-c.jpg\" target=\"_blank\"><b>1er degr\u00e9 &#8211; cat\u00e9gorie C &#8211; classe Senior<\/b><\/a><br \/>Isy et Coco sont 2\u00e8mes, Marie et Jazzie sont 6\u00e8mes !<\/p>\n<p><img decoding=\"async\" src=\"\/wp-content\/uploads\/pucepatte.png\">&nbsp;&nbsp;<a href=\"wp-content\/uploads\/2016\/04\/jumping-senior-a.jpg\" target=\"_blank\"><b>Jumping &#8211; cat\u00e9gorie A &#8211; classe Senior<\/b><\/a><br \/>Hermine et Erwann se classent 9\u00e8mes !<\/p>\n<p><img decoding=\"async\" src=\"\/wp-content\/uploads\/pucepatte.png\">&nbsp;&nbsp;<a href=\"wp-content\/uploads\/2016\/04\/jumping-senior-c.jpg\" target=\"_blank\"><b>Jumping &#8211; cat\u00e9gorie C &#8211; classe Senior<\/b><\/a><br \/>Jazzie et Marie d\u00e9crochent la premi\u00e8re place avec z\u00e9ro faute <a href=\"https:\/\/www.youtube.com\/watch?v=M5HLHN5U75o&#038;feature=youtu.be\" target=\"_blank\"><img decoding=\"async\" src=\"\/wp-content\/uploads\/camera.png\"><\/a>, Eddy et Claude sont 7\u00e8mes !<\/p>\n<p><img decoding=\"async\" src=\"\/wp-content\/uploads\/pucepatte.png\">&nbsp;&nbsp;<a href=\"wp-content\/uploads\/2016\/04\/relecq-gpf-a.jpg\" target=\"_blank\"><b>Grand Prix de France &#8211; cat\u00e9gorie A &#8211; classe Senior<\/b><\/a><br \/>Hermine et Erwann se classent 10\u00e8mes ! <a href=\"https:\/\/www.youtube.com\/watch?v=DnXLooJXFoY&#038;feature=youtu.be\" target=\"_blank\"><img decoding=\"async\" src=\"\/wp-content\/uploads\/camera.png\"><\/a><\/p>\n<p><img decoding=\"async\" src=\"\/wp-content\/uploads\/pucepatte.png\">&nbsp;&nbsp;<a href=\"wp-content\/uploads\/2016\/04\/relecq-gpf-c.jpg\" target=\"_blank\"><b>Grand Prix de France &#8211; cat\u00e9gorie C &#8211; classe Senior<\/b><\/a><br \/>Eddy et Claude prennent la 12\u00e8me place !<\/p>\n","protected":false},"excerpt":{"rendered":"<p>Nos agilitistes \u00e9taient au Relecq-Kerhuon ce 10 avril, sous la pluie !Cliquez sur les liens pour afficher les classements complets, et sur les petites cam\u00e9ras pour voir les vid\u00e9os ! &nbsp;&nbsp;Open &#8211; cat\u00e9gorie C &#8211; classe SeniorIsy et Coco se &hellip; <a href=\"https:\/\/regardsdechiens.fr\/?p=906\">Continuer la lecture <span class=\"meta-nav\">&rarr;<\/span><\/a><\/p>\n","protected":false},"author":15,"featured_media":0,"comment_status":"open","ping_status":"open","sticky":false,"template":"","format":"standard","meta":{"footnotes":""},"categories":[1,9,14],"tags":[],"class_list":["post-906","post","type-post","status-publish","format-standard","hentry","category-evenements","category-concours","category-participations"],"yoast_head":"<!-- This site is optimized with the Yoast SEO plugin v24.0 - https:\/\/yoast.com\/wordpress\/plugins\/seo\/ -->\n<title>Concours d&#039;Agility du 10 avril au Relecq-Kerhuon - Association Regards de Chiens<\/title>\n<meta name=\"robots\" content=\"index, follow, max-snippet:-1, max-image-preview:large, max-video-preview:-1\" \/>\n<link rel=\"canonical\" href=\"https:\/\/regardsdechiens.fr\/?p=906\" \/>\n<meta property=\"og:locale\" content=\"fr_FR\" \/>\n<meta property=\"og:type\" content=\"article\" \/>\n<meta property=\"og:title\" content=\"Concours d&#039;Agility du 10 avril au Relecq-Kerhuon - Association Regards de Chiens\" \/>\n<meta property=\"og:description\" content=\"Nos agilitistes \u00e9taient au Relecq-Kerhuon ce 10 avril, sous la pluie !Cliquez sur les liens pour afficher les classements complets, et sur les petites cam\u00e9ras pour voir les vid\u00e9os ! &nbsp;&nbsp;Open &#8211; cat\u00e9gorie C &#8211; classe SeniorIsy et Coco se &hellip; Continuer la lecture &rarr;\" \/>\n<meta property=\"og:url\" content=\"https:\/\/regardsdechiens.fr\/?p=906\" \/>\n<meta property=\"og:site_name\" content=\"Association Regards de Chiens\" \/>\n<meta property=\"article:published_time\" content=\"2016-04-10T10:12:10+00:00\" \/>\n<meta property=\"article:modified_time\" content=\"2016-04-23T08:17:26+00:00\" \/>\n<meta name=\"author\" content=\"REGARDS DE CHIENS\" \/>\n<meta name=\"twitter:card\" content=\"summary_large_image\" \/>\n<meta name=\"twitter:label1\" content=\"\u00c9crit par\" \/>\n\t<meta name=\"twitter:data1\" content=\"REGARDS DE CHIENS\" \/>\n\t<meta name=\"twitter:label2\" content=\"Dur\u00e9e de lecture estim\u00e9e\" \/>\n\t<meta name=\"twitter:data2\" content=\"1 minute\" \/>\n<script type=\"application\/ld+json\" class=\"yoast-schema-graph\">{\"@context\":\"https:\/\/schema.org\",\"@graph\":[{\"@type\":\"WebPage\",\"@id\":\"https:\/\/regardsdechiens.fr\/?p=906\",\"url\":\"https:\/\/regardsdechiens.fr\/?p=906\",\"name\":\"Concours d'Agility du 10 avril au Relecq-Kerhuon - Association Regards de Chiens\",\"isPartOf\":{\"@id\":\"https:\/\/regardsdechiens.fr\/#website\"},\"datePublished\":\"2016-04-10T10:12:10+00:00\",\"dateModified\":\"2016-04-23T08:17:26+00:00\",\"author\":{\"@id\":\"https:\/\/regardsdechiens.fr\/#\/schema\/person\/ecbb207f27d28cad1aef994a0ed80f21\"},\"breadcrumb\":{\"@id\":\"https:\/\/regardsdechiens.fr\/?p=906#breadcrumb\"},\"inLanguage\":\"fr-FR\",\"potentialAction\":[{\"@type\":\"ReadAction\",\"target\":[\"https:\/\/regardsdechiens.fr\/?p=906\"]}]},{\"@type\":\"BreadcrumbList\",\"@id\":\"https:\/\/regardsdechiens.fr\/?p=906#breadcrumb\",\"itemListElement\":[{\"@type\":\"ListItem\",\"position\":1,\"name\":\"Accueil\",\"item\":\"https:\/\/regardsdechiens.fr\/\"},{\"@type\":\"ListItem\",\"position\":2,\"name\":\"Concours d&rsquo;Agility du 10 avril au Relecq-Kerhuon\"}]},{\"@type\":\"WebSite\",\"@id\":\"https:\/\/regardsdechiens.fr\/#website\",\"url\":\"https:\/\/regardsdechiens.fr\/\",\"name\":\"Association Regards de Chiens\",\"description\":\"\",\"potentialAction\":[{\"@type\":\"SearchAction\",\"target\":{\"@type\":\"EntryPoint\",\"urlTemplate\":\"https:\/\/regardsdechiens.fr\/?s={search_term_string}\"},\"query-input\":{\"@type\":\"PropertyValueSpecification\",\"valueRequired\":true,\"valueName\":\"search_term_string\"}}],\"inLanguage\":\"fr-FR\"},{\"@type\":\"Person\",\"@id\":\"https:\/\/regardsdechiens.fr\/#\/schema\/person\/ecbb207f27d28cad1aef994a0ed80f21\",\"name\":\"REGARDS DE CHIENS\",\"image\":{\"@type\":\"ImageObject\",\"inLanguage\":\"fr-FR\",\"@id\":\"https:\/\/regardsdechiens.fr\/#\/schema\/person\/image\/\",\"url\":\"https:\/\/regardsdechiens.fr\/wp-content\/plugins\/wp-user-avatar\/deprecated\/wp-user-avatar\/images\/wpua-96x96.png\",\"contentUrl\":\"https:\/\/regardsdechiens.fr\/wp-content\/plugins\/wp-user-avatar\/deprecated\/wp-user-avatar\/images\/wpua-96x96.png\",\"caption\":\"REGARDS DE CHIENS\"},\"url\":\"https:\/\/regardsdechiens.fr\/?author=15\"}]}<\/script>\n<!-- \/ Yoast SEO plugin. -->","yoast_head_json":{"title":"Concours d'Agility du 10 avril au Relecq-Kerhuon - Association Regards de Chiens","robots":{"index":"index","follow":"follow","max-snippet":"max-snippet:-1","max-image-preview":"max-image-preview:large","max-video-preview":"max-video-preview:-1"},"canonical":"https:\/\/regardsdechiens.fr\/?p=906","og_locale":"fr_FR","og_type":"article","og_title":"Concours d'Agility du 10 avril au Relecq-Kerhuon - Association Regards de Chiens","og_description":"Nos agilitistes \u00e9taient au Relecq-Kerhuon ce 10 avril, sous la pluie !Cliquez sur les liens pour afficher les classements complets, et sur les petites cam\u00e9ras pour voir les vid\u00e9os ! &nbsp;&nbsp;Open &#8211; cat\u00e9gorie C &#8211; classe SeniorIsy et Coco se &hellip; Continuer la lecture &rarr;","og_url":"https:\/\/regardsdechiens.fr\/?p=906","og_site_name":"Association Regards de Chiens","article_published_time":"2016-04-10T10:12:10+00:00","article_modified_time":"2016-04-23T08:17:26+00:00","author":"REGARDS DE CHIENS","twitter_card":"summary_large_image","twitter_misc":{"\u00c9crit par":"REGARDS DE CHIENS","Dur\u00e9e de lecture estim\u00e9e":"1 minute"},"schema":{"@context":"https:\/\/schema.org","@graph":[{"@type":"WebPage","@id":"https:\/\/regardsdechiens.fr\/?p=906","url":"https:\/\/regardsdechiens.fr\/?p=906","name":"Concours d'Agility du 10 avril au Relecq-Kerhuon - Association Regards de Chiens","isPartOf":{"@id":"https:\/\/regardsdechiens.fr\/#website"},"datePublished":"2016-04-10T10:12:10+00:00","dateModified":"2016-04-23T08:17:26+00:00","author":{"@id":"https:\/\/regardsdechiens.fr\/#\/schema\/person\/ecbb207f27d28cad1aef994a0ed80f21"},"breadcrumb":{"@id":"https:\/\/regardsdechiens.fr\/?p=906#breadcrumb"},"inLanguage":"fr-FR","potentialAction":[{"@type":"ReadAction","target":["https:\/\/regardsdechiens.fr\/?p=906"]}]},{"@type":"BreadcrumbList","@id":"https:\/\/regardsdechiens.fr\/?p=906#breadcrumb","itemListElement":[{"@type":"ListItem","position":1,"name":"Accueil","item":"https:\/\/regardsdechiens.fr\/"},{"@type":"ListItem","position":2,"name":"Concours d&rsquo;Agility du 10 avril au Relecq-Kerhuon"}]},{"@type":"WebSite","@id":"https:\/\/regardsdechiens.fr\/#website","url":"https:\/\/regardsdechiens.fr\/","name":"Association Regards de Chiens","description":"","potentialAction":[{"@type":"SearchAction","target":{"@type":"EntryPoint","urlTemplate":"https:\/\/regardsdechiens.fr\/?s={search_term_string}"},"query-input":{"@type":"PropertyValueSpecification","valueRequired":true,"valueName":"search_term_string"}}],"inLanguage":"fr-FR"},{"@type":"Person","@id":"https:\/\/regardsdechiens.fr\/#\/schema\/person\/ecbb207f27d28cad1aef994a0ed80f21","name":"REGARDS DE CHIENS","image":{"@type":"ImageObject","inLanguage":"fr-FR","@id":"https:\/\/regardsdechiens.fr\/#\/schema\/person\/image\/","url":"https:\/\/regardsdechiens.fr\/wp-content\/plugins\/wp-user-avatar\/deprecated\/wp-user-avatar\/images\/wpua-96x96.png","contentUrl":"https:\/\/regardsdechiens.fr\/wp-content\/plugins\/wp-user-avatar\/deprecated\/wp-user-avatar\/images\/wpua-96x96.png","caption":"REGARDS DE CHIENS"},"url":"https:\/\/regardsdechiens.fr\/?author=15"}]}},"_links":{"self":[{"href":"https:\/\/regardsdechiens.fr\/index.php?rest_route=\/wp\/v2\/posts\/906","targetHints":{"allow":["GET"]}}],"collection":[{"href":"https:\/\/regardsdechiens.fr\/index.php?rest_route=\/wp\/v2\/posts"}],"about":[{"href":"https:\/\/regardsdechiens.fr\/index.php?rest_route=\/wp\/v2\/types\/post"}],"author":[{"embeddable":true,"href":"https:\/\/regardsdechiens.fr\/index.php?rest_route=\/wp\/v2\/users\/15"}],"replies":[{"embeddable":true,"href":"https:\/\/regardsdechiens.fr\/index.php?rest_route=%2Fwp%2Fv2%2Fcomments&post=906"}],"version-history":[{"count":11,"href":"https:\/\/regardsdechiens.fr\/index.php?rest_route=\/wp\/v2\/posts\/906\/revisions"}],"predecessor-version":[{"id":921,"href":"https:\/\/regardsdechiens.fr\/index.php?rest_route=\/wp\/v2\/posts\/906\/revisions\/921"}],"wp:attachment":[{"href":"https:\/\/regardsdechiens.fr\/index.php?rest_route=%2Fwp%2Fv2%2Fmedia&parent=906"}],"wp:term":[{"taxonomy":"category","embeddable":true,"href":"https:\/\/regardsdechiens.fr\/index.php?rest_route=%2Fwp%2Fv2%2Fcategories&post=906"},{"taxonomy":"post_tag","embeddable":true,"href":"https:\/\/regardsdechiens.fr\/index.php?rest_route=%2Fwp%2Fv2%2Ftags&post=906"}],"curies":[{"name":"wp","href":"https:\/\/api.w.org\/{rel}","templated":true}]}}