{"id":704,"date":"2011-03-06T21:05:27","date_gmt":"2011-03-06T20:05:27","guid":{"rendered":"http:\/\/www.regardsdechiens.fr\/?p=704"},"modified":"2015-10-06T21:23:23","modified_gmt":"2015-10-06T20:23:23","slug":"vide-grenier-mars-2011","status":"publish","type":"post","link":"https:\/\/regardsdechiens.fr\/?p=704","title":{"rendered":"Vide-greniers mars 2011"},"content":{"rendered":"<p>Les membres du Comit\u00e9 REGARDS de CHIENS tiennent \u00e0 remercier toutes les personnes qui ont particip\u00e9 (chacun \u00e0 sa mani\u00e8re et selon ses disponibilit\u00e9s) au bon d\u00e9roulement de la journ\u00e9e vide-greniers. Le bilan d\u00e9finitif n&rsquo;est pas encore fait mais nous pouvons d\u00e9j\u00e0 vous signaler que c&rsquo;est un succ\u00e8s pour notre association. Nous sommes tr\u00e8s fiers de l&rsquo;ambiance et de la convivialit\u00e9 que cette journ\u00e9e a d\u00e9gag\u00e9. Ce qui refl\u00e8te bien l&rsquo;esprit que nous voulons garder au sein de notre club.<\/p>\n<p>Alors encore un grand MERCI \u00e0 tous.<\/p>\n<p>Remerciements \u00e9galement \u00e0 nos amis de l&rsquo;Entente des Abers pour leur aide, et \u00e0 la Mairie de Plouguerneau et ses Services Techniques pour leur concours.<\/p>\n<p><center><a href=\"\/archives\/les-photos-1.html\" target=\"_blank\"><img decoding=\"async\" src=\"\/wp-content\/uploads\/imagephoto.png\" style=\"-moz-border-radius: 15px; -webkit-border-radius: 15px; border-radius: 15px; box-shadow: 2px 2px 2px 0 black; -moz-box-shadow: 2px 2px 2px 0 black; -webkit-box-shadow: 2px 2px 2px 0 black;\"><\/a><\/p>\n","protected":false},"excerpt":{"rendered":"<p>Les membres du Comit\u00e9 REGARDS de CHIENS tiennent \u00e0 remercier toutes les personnes qui ont particip\u00e9 (chacun \u00e0 sa mani\u00e8re et selon ses disponibilit\u00e9s) au bon d\u00e9roulement de la journ\u00e9e vide-greniers. Le bilan d\u00e9finitif n&rsquo;est pas encore fait mais nous &hellip; <a href=\"https:\/\/regardsdechiens.fr\/?p=704\">Continuer la lecture <span class=\"meta-nav\">&rarr;<\/span><\/a><\/p>\n","protected":false},"author":15,"featured_media":0,"comment_status":"open","ping_status":"open","sticky":false,"template":"","format":"standard","meta":{"footnotes":""},"categories":[1,8],"tags":[],"class_list":["post-704","post","type-post","status-publish","format-standard","hentry","category-evenements","category-videgrenier"],"yoast_head":"<!-- This site is optimized with the Yoast SEO plugin v24.0 - https:\/\/yoast.com\/wordpress\/plugins\/seo\/ -->\n<title>Vide-greniers mars 2011 - Association Regards de Chiens<\/title>\n<meta name=\"robots\" content=\"index, follow, max-snippet:-1, max-image-preview:large, max-video-preview:-1\" \/>\n<link rel=\"canonical\" href=\"https:\/\/regardsdechiens.fr\/?p=704\" \/>\n<meta property=\"og:locale\" content=\"fr_FR\" \/>\n<meta property=\"og:type\" content=\"article\" \/>\n<meta property=\"og:title\" content=\"Vide-greniers mars 2011 - Association Regards de Chiens\" \/>\n<meta property=\"og:description\" content=\"Les membres du Comit\u00e9 REGARDS de CHIENS tiennent \u00e0 remercier toutes les personnes qui ont particip\u00e9 (chacun \u00e0 sa mani\u00e8re et selon ses disponibilit\u00e9s) au bon d\u00e9roulement de la journ\u00e9e vide-greniers. Le bilan d\u00e9finitif n&rsquo;est pas encore fait mais nous &hellip; Continuer la lecture &rarr;\" \/>\n<meta property=\"og:url\" content=\"https:\/\/regardsdechiens.fr\/?p=704\" \/>\n<meta property=\"og:site_name\" content=\"Association Regards de Chiens\" \/>\n<meta property=\"article:published_time\" content=\"2011-03-06T20:05:27+00:00\" \/>\n<meta property=\"article:modified_time\" content=\"2015-10-06T20:23:23+00:00\" \/>\n<meta name=\"author\" content=\"REGARDS DE CHIENS\" \/>\n<meta name=\"twitter:card\" content=\"summary_large_image\" \/>\n<meta name=\"twitter:label1\" content=\"\u00c9crit par\" \/>\n\t<meta name=\"twitter:data1\" content=\"REGARDS DE CHIENS\" \/>\n\t<meta name=\"twitter:label2\" content=\"Dur\u00e9e de lecture estim\u00e9e\" \/>\n\t<meta name=\"twitter:data2\" content=\"1 minute\" \/>\n<script type=\"application\/ld+json\" class=\"yoast-schema-graph\">{\"@context\":\"https:\/\/schema.org\",\"@graph\":[{\"@type\":\"WebPage\",\"@id\":\"https:\/\/regardsdechiens.fr\/?p=704\",\"url\":\"https:\/\/regardsdechiens.fr\/?p=704\",\"name\":\"Vide-greniers mars 2011 - Association Regards de Chiens\",\"isPartOf\":{\"@id\":\"https:\/\/regardsdechiens.fr\/#website\"},\"datePublished\":\"2011-03-06T20:05:27+00:00\",\"dateModified\":\"2015-10-06T20:23:23+00:00\",\"author\":{\"@id\":\"https:\/\/regardsdechiens.fr\/#\/schema\/person\/ecbb207f27d28cad1aef994a0ed80f21\"},\"breadcrumb\":{\"@id\":\"https:\/\/regardsdechiens.fr\/?p=704#breadcrumb\"},\"inLanguage\":\"fr-FR\",\"potentialAction\":[{\"@type\":\"ReadAction\",\"target\":[\"https:\/\/regardsdechiens.fr\/?p=704\"]}]},{\"@type\":\"BreadcrumbList\",\"@id\":\"https:\/\/regardsdechiens.fr\/?p=704#breadcrumb\",\"itemListElement\":[{\"@type\":\"ListItem\",\"position\":1,\"name\":\"Accueil\",\"item\":\"https:\/\/regardsdechiens.fr\/\"},{\"@type\":\"ListItem\",\"position\":2,\"name\":\"Vide-greniers mars 2011\"}]},{\"@type\":\"WebSite\",\"@id\":\"https:\/\/regardsdechiens.fr\/#website\",\"url\":\"https:\/\/regardsdechiens.fr\/\",\"name\":\"Association Regards de Chiens\",\"description\":\"\",\"potentialAction\":[{\"@type\":\"SearchAction\",\"target\":{\"@type\":\"EntryPoint\",\"urlTemplate\":\"https:\/\/regardsdechiens.fr\/?s={search_term_string}\"},\"query-input\":{\"@type\":\"PropertyValueSpecification\",\"valueRequired\":true,\"valueName\":\"search_term_string\"}}],\"inLanguage\":\"fr-FR\"},{\"@type\":\"Person\",\"@id\":\"https:\/\/regardsdechiens.fr\/#\/schema\/person\/ecbb207f27d28cad1aef994a0ed80f21\",\"name\":\"REGARDS DE CHIENS\",\"image\":{\"@type\":\"ImageObject\",\"inLanguage\":\"fr-FR\",\"@id\":\"https:\/\/regardsdechiens.fr\/#\/schema\/person\/image\/\",\"url\":\"https:\/\/regardsdechiens.fr\/wp-content\/plugins\/wp-user-avatar\/deprecated\/wp-user-avatar\/images\/wpua-96x96.png\",\"contentUrl\":\"https:\/\/regardsdechiens.fr\/wp-content\/plugins\/wp-user-avatar\/deprecated\/wp-user-avatar\/images\/wpua-96x96.png\",\"caption\":\"REGARDS DE CHIENS\"},\"url\":\"https:\/\/regardsdechiens.fr\/?author=15\"}]}<\/script>\n<!-- \/ Yoast SEO plugin. -->","yoast_head_json":{"title":"Vide-greniers mars 2011 - Association Regards de Chiens","robots":{"index":"index","follow":"follow","max-snippet":"max-snippet:-1","max-image-preview":"max-image-preview:large","max-video-preview":"max-video-preview:-1"},"canonical":"https:\/\/regardsdechiens.fr\/?p=704","og_locale":"fr_FR","og_type":"article","og_title":"Vide-greniers mars 2011 - Association Regards de Chiens","og_description":"Les membres du Comit\u00e9 REGARDS de CHIENS tiennent \u00e0 remercier toutes les personnes qui ont particip\u00e9 (chacun \u00e0 sa mani\u00e8re et selon ses disponibilit\u00e9s) au bon d\u00e9roulement de la journ\u00e9e vide-greniers. Le bilan d\u00e9finitif n&rsquo;est pas encore fait mais nous &hellip; Continuer la lecture &rarr;","og_url":"https:\/\/regardsdechiens.fr\/?p=704","og_site_name":"Association Regards de Chiens","article_published_time":"2011-03-06T20:05:27+00:00","article_modified_time":"2015-10-06T20:23:23+00:00","author":"REGARDS DE CHIENS","twitter_card":"summary_large_image","twitter_misc":{"\u00c9crit par":"REGARDS DE CHIENS","Dur\u00e9e de lecture estim\u00e9e":"1 minute"},"schema":{"@context":"https:\/\/schema.org","@graph":[{"@type":"WebPage","@id":"https:\/\/regardsdechiens.fr\/?p=704","url":"https:\/\/regardsdechiens.fr\/?p=704","name":"Vide-greniers mars 2011 - Association Regards de Chiens","isPartOf":{"@id":"https:\/\/regardsdechiens.fr\/#website"},"datePublished":"2011-03-06T20:05:27+00:00","dateModified":"2015-10-06T20:23:23+00:00","author":{"@id":"https:\/\/regardsdechiens.fr\/#\/schema\/person\/ecbb207f27d28cad1aef994a0ed80f21"},"breadcrumb":{"@id":"https:\/\/regardsdechiens.fr\/?p=704#breadcrumb"},"inLanguage":"fr-FR","potentialAction":[{"@type":"ReadAction","target":["https:\/\/regardsdechiens.fr\/?p=704"]}]},{"@type":"BreadcrumbList","@id":"https:\/\/regardsdechiens.fr\/?p=704#breadcrumb","itemListElement":[{"@type":"ListItem","position":1,"name":"Accueil","item":"https:\/\/regardsdechiens.fr\/"},{"@type":"ListItem","position":2,"name":"Vide-greniers mars 2011"}]},{"@type":"WebSite","@id":"https:\/\/regardsdechiens.fr\/#website","url":"https:\/\/regardsdechiens.fr\/","name":"Association Regards de Chiens","description":"","potentialAction":[{"@type":"SearchAction","target":{"@type":"EntryPoint","urlTemplate":"https:\/\/regardsdechiens.fr\/?s={search_term_string}"},"query-input":{"@type":"PropertyValueSpecification","valueRequired":true,"valueName":"search_term_string"}}],"inLanguage":"fr-FR"},{"@type":"Person","@id":"https:\/\/regardsdechiens.fr\/#\/schema\/person\/ecbb207f27d28cad1aef994a0ed80f21","name":"REGARDS DE CHIENS","image":{"@type":"ImageObject","inLanguage":"fr-FR","@id":"https:\/\/regardsdechiens.fr\/#\/schema\/person\/image\/","url":"https:\/\/regardsdechiens.fr\/wp-content\/plugins\/wp-user-avatar\/deprecated\/wp-user-avatar\/images\/wpua-96x96.png","contentUrl":"https:\/\/regardsdechiens.fr\/wp-content\/plugins\/wp-user-avatar\/deprecated\/wp-user-avatar\/images\/wpua-96x96.png","caption":"REGARDS DE CHIENS"},"url":"https:\/\/regardsdechiens.fr\/?author=15"}]}},"_links":{"self":[{"href":"https:\/\/regardsdechiens.fr\/index.php?rest_route=\/wp\/v2\/posts\/704","targetHints":{"allow":["GET"]}}],"collection":[{"href":"https:\/\/regardsdechiens.fr\/index.php?rest_route=\/wp\/v2\/posts"}],"about":[{"href":"https:\/\/regardsdechiens.fr\/index.php?rest_route=\/wp\/v2\/types\/post"}],"author":[{"embeddable":true,"href":"https:\/\/regardsdechiens.fr\/index.php?rest_route=\/wp\/v2\/users\/15"}],"replies":[{"embeddable":true,"href":"https:\/\/regardsdechiens.fr\/index.php?rest_route=%2Fwp%2Fv2%2Fcomments&post=704"}],"version-history":[{"count":2,"href":"https:\/\/regardsdechiens.fr\/index.php?rest_route=\/wp\/v2\/posts\/704\/revisions"}],"predecessor-version":[{"id":719,"href":"https:\/\/regardsdechiens.fr\/index.php?rest_route=\/wp\/v2\/posts\/704\/revisions\/719"}],"wp:attachment":[{"href":"https:\/\/regardsdechiens.fr\/index.php?rest_route=%2Fwp%2Fv2%2Fmedia&parent=704"}],"wp:term":[{"taxonomy":"category","embeddable":true,"href":"https:\/\/regardsdechiens.fr\/index.php?rest_route=%2Fwp%2Fv2%2Fcategories&post=704"},{"taxonomy":"post_tag","embeddable":true,"href":"https:\/\/regardsdechiens.fr\/index.php?rest_route=%2Fwp%2Fv2%2Ftags&post=704"}],"curies":[{"name":"wp","href":"https:\/\/api.w.org\/{rel}","templated":true}]}}