{"id":600,"date":"2015-08-16T13:34:33","date_gmt":"2015-08-16T12:34:33","guid":{"rendered":"http:\/\/www.regardsdechiens.fr\/?p=600"},"modified":"2015-08-16T13:37:12","modified_gmt":"2015-08-16T12:37:12","slug":"rentree","status":"publish","type":"post","link":"https:\/\/regardsdechiens.fr\/?p=600","title":{"rendered":"Rentr\u00e9e !"},"content":{"rendered":"<p>N&rsquo;oubliez pas : la rentr\u00e9e des poilus se fera le samedi 22 ao\u00fbt  \u00e0 partir de 14 h !<\/p>\n<p>Pour les nouveaux, n&rsquo;h\u00e9sitez pas \u00e0 <a href=\"?page_id=581\">nous contacter !<\/a><\/p>\n<p>Bonne fin de vacances \u00e0 tous et  \u00e0 bient\u00f4t \ud83d\ude42<\/p>\n","protected":false},"excerpt":{"rendered":"<p>N&rsquo;oubliez pas : la rentr\u00e9e des poilus se fera le samedi 22 ao\u00fbt \u00e0 partir de 14 h ! Pour les nouveaux, n&rsquo;h\u00e9sitez pas \u00e0 nous contacter ! Bonne fin de vacances \u00e0 tous et \u00e0 bient\u00f4t \ud83d\ude42<\/p>\n","protected":false},"author":15,"featured_media":0,"comment_status":"open","ping_status":"open","sticky":false,"template":"","format":"standard","meta":{"footnotes":""},"categories":[12],"tags":[],"class_list":["post-600","post","type-post","status-publish","format-standard","hentry","category-annonces"],"yoast_head":"<!-- This site is optimized with the Yoast SEO plugin v24.0 - https:\/\/yoast.com\/wordpress\/plugins\/seo\/ -->\n<title>Rentr\u00e9e ! - Association Regards de Chiens<\/title>\n<meta name=\"robots\" content=\"index, follow, max-snippet:-1, max-image-preview:large, max-video-preview:-1\" \/>\n<link rel=\"canonical\" href=\"https:\/\/regardsdechiens.fr\/?p=600\" \/>\n<meta property=\"og:locale\" content=\"fr_FR\" \/>\n<meta property=\"og:type\" content=\"article\" \/>\n<meta property=\"og:title\" content=\"Rentr\u00e9e ! - Association Regards de Chiens\" \/>\n<meta property=\"og:description\" content=\"N&rsquo;oubliez pas : la rentr\u00e9e des poilus se fera le samedi 22 ao\u00fbt \u00e0 partir de 14 h ! Pour les nouveaux, n&rsquo;h\u00e9sitez pas \u00e0 nous contacter ! Bonne fin de vacances \u00e0 tous et \u00e0 bient\u00f4t \ud83d\ude42\" \/>\n<meta property=\"og:url\" content=\"https:\/\/regardsdechiens.fr\/?p=600\" \/>\n<meta property=\"og:site_name\" content=\"Association Regards de Chiens\" \/>\n<meta property=\"article:published_time\" content=\"2015-08-16T12:34:33+00:00\" \/>\n<meta property=\"article:modified_time\" content=\"2015-08-16T12:37:12+00:00\" \/>\n<meta name=\"author\" content=\"REGARDS DE CHIENS\" \/>\n<meta name=\"twitter:card\" content=\"summary_large_image\" \/>\n<meta name=\"twitter:label1\" content=\"\u00c9crit par\" \/>\n\t<meta name=\"twitter:data1\" content=\"REGARDS DE CHIENS\" \/>\n<script type=\"application\/ld+json\" class=\"yoast-schema-graph\">{\"@context\":\"https:\/\/schema.org\",\"@graph\":[{\"@type\":\"WebPage\",\"@id\":\"https:\/\/regardsdechiens.fr\/?p=600\",\"url\":\"https:\/\/regardsdechiens.fr\/?p=600\",\"name\":\"Rentr\u00e9e ! - Association Regards de Chiens\",\"isPartOf\":{\"@id\":\"https:\/\/regardsdechiens.fr\/#website\"},\"datePublished\":\"2015-08-16T12:34:33+00:00\",\"dateModified\":\"2015-08-16T12:37:12+00:00\",\"author\":{\"@id\":\"https:\/\/regardsdechiens.fr\/#\/schema\/person\/ecbb207f27d28cad1aef994a0ed80f21\"},\"breadcrumb\":{\"@id\":\"https:\/\/regardsdechiens.fr\/?p=600#breadcrumb\"},\"inLanguage\":\"fr-FR\",\"potentialAction\":[{\"@type\":\"ReadAction\",\"target\":[\"https:\/\/regardsdechiens.fr\/?p=600\"]}]},{\"@type\":\"BreadcrumbList\",\"@id\":\"https:\/\/regardsdechiens.fr\/?p=600#breadcrumb\",\"itemListElement\":[{\"@type\":\"ListItem\",\"position\":1,\"name\":\"Accueil\",\"item\":\"https:\/\/regardsdechiens.fr\/\"},{\"@type\":\"ListItem\",\"position\":2,\"name\":\"Rentr\u00e9e !\"}]},{\"@type\":\"WebSite\",\"@id\":\"https:\/\/regardsdechiens.fr\/#website\",\"url\":\"https:\/\/regardsdechiens.fr\/\",\"name\":\"Association Regards de Chiens\",\"description\":\"\",\"potentialAction\":[{\"@type\":\"SearchAction\",\"target\":{\"@type\":\"EntryPoint\",\"urlTemplate\":\"https:\/\/regardsdechiens.fr\/?s={search_term_string}\"},\"query-input\":{\"@type\":\"PropertyValueSpecification\",\"valueRequired\":true,\"valueName\":\"search_term_string\"}}],\"inLanguage\":\"fr-FR\"},{\"@type\":\"Person\",\"@id\":\"https:\/\/regardsdechiens.fr\/#\/schema\/person\/ecbb207f27d28cad1aef994a0ed80f21\",\"name\":\"REGARDS DE CHIENS\",\"image\":{\"@type\":\"ImageObject\",\"inLanguage\":\"fr-FR\",\"@id\":\"https:\/\/regardsdechiens.fr\/#\/schema\/person\/image\/\",\"url\":\"https:\/\/regardsdechiens.fr\/wp-content\/plugins\/wp-user-avatar\/deprecated\/wp-user-avatar\/images\/wpua-96x96.png\",\"contentUrl\":\"https:\/\/regardsdechiens.fr\/wp-content\/plugins\/wp-user-avatar\/deprecated\/wp-user-avatar\/images\/wpua-96x96.png\",\"caption\":\"REGARDS DE CHIENS\"},\"url\":\"https:\/\/regardsdechiens.fr\/?author=15\"}]}<\/script>\n<!-- \/ Yoast SEO plugin. -->","yoast_head_json":{"title":"Rentr\u00e9e ! - Association Regards de Chiens","robots":{"index":"index","follow":"follow","max-snippet":"max-snippet:-1","max-image-preview":"max-image-preview:large","max-video-preview":"max-video-preview:-1"},"canonical":"https:\/\/regardsdechiens.fr\/?p=600","og_locale":"fr_FR","og_type":"article","og_title":"Rentr\u00e9e ! - Association Regards de Chiens","og_description":"N&rsquo;oubliez pas : la rentr\u00e9e des poilus se fera le samedi 22 ao\u00fbt \u00e0 partir de 14 h ! Pour les nouveaux, n&rsquo;h\u00e9sitez pas \u00e0 nous contacter ! Bonne fin de vacances \u00e0 tous et \u00e0 bient\u00f4t \ud83d\ude42","og_url":"https:\/\/regardsdechiens.fr\/?p=600","og_site_name":"Association Regards de Chiens","article_published_time":"2015-08-16T12:34:33+00:00","article_modified_time":"2015-08-16T12:37:12+00:00","author":"REGARDS DE CHIENS","twitter_card":"summary_large_image","twitter_misc":{"\u00c9crit par":"REGARDS DE CHIENS"},"schema":{"@context":"https:\/\/schema.org","@graph":[{"@type":"WebPage","@id":"https:\/\/regardsdechiens.fr\/?p=600","url":"https:\/\/regardsdechiens.fr\/?p=600","name":"Rentr\u00e9e ! - Association Regards de Chiens","isPartOf":{"@id":"https:\/\/regardsdechiens.fr\/#website"},"datePublished":"2015-08-16T12:34:33+00:00","dateModified":"2015-08-16T12:37:12+00:00","author":{"@id":"https:\/\/regardsdechiens.fr\/#\/schema\/person\/ecbb207f27d28cad1aef994a0ed80f21"},"breadcrumb":{"@id":"https:\/\/regardsdechiens.fr\/?p=600#breadcrumb"},"inLanguage":"fr-FR","potentialAction":[{"@type":"ReadAction","target":["https:\/\/regardsdechiens.fr\/?p=600"]}]},{"@type":"BreadcrumbList","@id":"https:\/\/regardsdechiens.fr\/?p=600#breadcrumb","itemListElement":[{"@type":"ListItem","position":1,"name":"Accueil","item":"https:\/\/regardsdechiens.fr\/"},{"@type":"ListItem","position":2,"name":"Rentr\u00e9e !"}]},{"@type":"WebSite","@id":"https:\/\/regardsdechiens.fr\/#website","url":"https:\/\/regardsdechiens.fr\/","name":"Association Regards de Chiens","description":"","potentialAction":[{"@type":"SearchAction","target":{"@type":"EntryPoint","urlTemplate":"https:\/\/regardsdechiens.fr\/?s={search_term_string}"},"query-input":{"@type":"PropertyValueSpecification","valueRequired":true,"valueName":"search_term_string"}}],"inLanguage":"fr-FR"},{"@type":"Person","@id":"https:\/\/regardsdechiens.fr\/#\/schema\/person\/ecbb207f27d28cad1aef994a0ed80f21","name":"REGARDS DE CHIENS","image":{"@type":"ImageObject","inLanguage":"fr-FR","@id":"https:\/\/regardsdechiens.fr\/#\/schema\/person\/image\/","url":"https:\/\/regardsdechiens.fr\/wp-content\/plugins\/wp-user-avatar\/deprecated\/wp-user-avatar\/images\/wpua-96x96.png","contentUrl":"https:\/\/regardsdechiens.fr\/wp-content\/plugins\/wp-user-avatar\/deprecated\/wp-user-avatar\/images\/wpua-96x96.png","caption":"REGARDS DE CHIENS"},"url":"https:\/\/regardsdechiens.fr\/?author=15"}]}},"_links":{"self":[{"href":"https:\/\/regardsdechiens.fr\/index.php?rest_route=\/wp\/v2\/posts\/600","targetHints":{"allow":["GET"]}}],"collection":[{"href":"https:\/\/regardsdechiens.fr\/index.php?rest_route=\/wp\/v2\/posts"}],"about":[{"href":"https:\/\/regardsdechiens.fr\/index.php?rest_route=\/wp\/v2\/types\/post"}],"author":[{"embeddable":true,"href":"https:\/\/regardsdechiens.fr\/index.php?rest_route=\/wp\/v2\/users\/15"}],"replies":[{"embeddable":true,"href":"https:\/\/regardsdechiens.fr\/index.php?rest_route=%2Fwp%2Fv2%2Fcomments&post=600"}],"version-history":[{"count":3,"href":"https:\/\/regardsdechiens.fr\/index.php?rest_route=\/wp\/v2\/posts\/600\/revisions"}],"predecessor-version":[{"id":603,"href":"https:\/\/regardsdechiens.fr\/index.php?rest_route=\/wp\/v2\/posts\/600\/revisions\/603"}],"wp:attachment":[{"href":"https:\/\/regardsdechiens.fr\/index.php?rest_route=%2Fwp%2Fv2%2Fmedia&parent=600"}],"wp:term":[{"taxonomy":"category","embeddable":true,"href":"https:\/\/regardsdechiens.fr\/index.php?rest_route=%2Fwp%2Fv2%2Fcategories&post=600"},{"taxonomy":"post_tag","embeddable":true,"href":"https:\/\/regardsdechiens.fr\/index.php?rest_route=%2Fwp%2Fv2%2Ftags&post=600"}],"curies":[{"name":"wp","href":"https:\/\/api.w.org\/{rel}","templated":true}]}}