{"id":403,"date":"2015-06-10T10:23:37","date_gmt":"2015-06-10T09:23:37","guid":{"rendered":"http:\/\/localhost\/wordpress\/?p=403"},"modified":"2015-06-14T17:12:30","modified_gmt":"2015-06-14T16:12:30","slug":"la-sortie-pique-nique-a-ploudalmezeau-dans-le-telegramme","status":"publish","type":"post","link":"https:\/\/regardsdechiens.fr\/?p=403","title":{"rendered":"La sortie pique-nique \u00e0 Ploudalm\u00e9zeau dans le T\u00e9l\u00e9gramme"},"content":{"rendered":"<p>Notre <a href=\"?p=410\">sortie de dimanche dernier<\/a> est dans le journal !<br \/>\n<center><a href=\"wp-content\/uploads\/2015\/06\/telegramme.png\" target=\"_blank\"><img loading=\"lazy\" decoding=\"async\" src=\"wp-content\/uploads\/2015\/06\/telegramme-297x300.png\" alt=\"telegramme\" width=\"297\" height=\"300\" style=\"-moz-border-radius: 15px; -webkit-border-radius: 15px; border-radius: 15px; box-shadow: 2px 2px 2px 0 black; -moz-box-shadow: 2px 2px 2px 0 black; -webkit-box-shadow: 2px 2px 2px 0 black;\"\/><\/a><br \/>\n<i>Cliquez sur l&rsquo;image pour lire l&rsquo;article<\/i><\/center><\/p>\n","protected":false},"excerpt":{"rendered":"<p>Notre sortie de dimanche dernier est dans le journal ! Cliquez sur l&rsquo;image pour lire l&rsquo;article<\/p>\n","protected":false},"author":15,"featured_media":0,"comment_status":"open","ping_status":"open","sticky":false,"template":"","format":"standard","meta":{"footnotes":""},"categories":[13,10],"tags":[],"class_list":["post-403","post","type-post","status-publish","format-standard","hentry","category-pressbook","category-randos"],"yoast_head":"<!-- This site is optimized with the Yoast SEO plugin v24.0 - https:\/\/yoast.com\/wordpress\/plugins\/seo\/ -->\n<title>La sortie pique-nique \u00e0 Ploudalm\u00e9zeau dans le T\u00e9l\u00e9gramme - Association Regards de Chiens<\/title>\n<meta name=\"robots\" content=\"index, follow, max-snippet:-1, max-image-preview:large, max-video-preview:-1\" \/>\n<link rel=\"canonical\" href=\"https:\/\/regardsdechiens.fr\/?p=403\" \/>\n<meta property=\"og:locale\" content=\"fr_FR\" \/>\n<meta property=\"og:type\" content=\"article\" \/>\n<meta property=\"og:title\" content=\"La sortie pique-nique \u00e0 Ploudalm\u00e9zeau dans le T\u00e9l\u00e9gramme - Association Regards de Chiens\" \/>\n<meta property=\"og:description\" content=\"Notre sortie de dimanche dernier est dans le journal ! Cliquez sur l&rsquo;image pour lire l&rsquo;article\" \/>\n<meta property=\"og:url\" content=\"https:\/\/regardsdechiens.fr\/?p=403\" \/>\n<meta property=\"og:site_name\" content=\"Association Regards de Chiens\" \/>\n<meta property=\"article:published_time\" content=\"2015-06-10T09:23:37+00:00\" \/>\n<meta property=\"article:modified_time\" content=\"2015-06-14T16:12:30+00:00\" \/>\n<meta name=\"author\" content=\"REGARDS DE CHIENS\" \/>\n<meta name=\"twitter:card\" content=\"summary_large_image\" \/>\n<meta name=\"twitter:label1\" content=\"\u00c9crit par\" \/>\n\t<meta name=\"twitter:data1\" content=\"REGARDS DE CHIENS\" \/>\n<script type=\"application\/ld+json\" class=\"yoast-schema-graph\">{\"@context\":\"https:\/\/schema.org\",\"@graph\":[{\"@type\":\"WebPage\",\"@id\":\"https:\/\/regardsdechiens.fr\/?p=403\",\"url\":\"https:\/\/regardsdechiens.fr\/?p=403\",\"name\":\"La sortie pique-nique \u00e0 Ploudalm\u00e9zeau dans le T\u00e9l\u00e9gramme - Association Regards de Chiens\",\"isPartOf\":{\"@id\":\"https:\/\/regardsdechiens.fr\/#website\"},\"datePublished\":\"2015-06-10T09:23:37+00:00\",\"dateModified\":\"2015-06-14T16:12:30+00:00\",\"author\":{\"@id\":\"https:\/\/regardsdechiens.fr\/#\/schema\/person\/ecbb207f27d28cad1aef994a0ed80f21\"},\"breadcrumb\":{\"@id\":\"https:\/\/regardsdechiens.fr\/?p=403#breadcrumb\"},\"inLanguage\":\"fr-FR\",\"potentialAction\":[{\"@type\":\"ReadAction\",\"target\":[\"https:\/\/regardsdechiens.fr\/?p=403\"]}]},{\"@type\":\"BreadcrumbList\",\"@id\":\"https:\/\/regardsdechiens.fr\/?p=403#breadcrumb\",\"itemListElement\":[{\"@type\":\"ListItem\",\"position\":1,\"name\":\"Accueil\",\"item\":\"https:\/\/regardsdechiens.fr\/\"},{\"@type\":\"ListItem\",\"position\":2,\"name\":\"La sortie pique-nique \u00e0 Ploudalm\u00e9zeau dans le T\u00e9l\u00e9gramme\"}]},{\"@type\":\"WebSite\",\"@id\":\"https:\/\/regardsdechiens.fr\/#website\",\"url\":\"https:\/\/regardsdechiens.fr\/\",\"name\":\"Association Regards de Chiens\",\"description\":\"\",\"potentialAction\":[{\"@type\":\"SearchAction\",\"target\":{\"@type\":\"EntryPoint\",\"urlTemplate\":\"https:\/\/regardsdechiens.fr\/?s={search_term_string}\"},\"query-input\":{\"@type\":\"PropertyValueSpecification\",\"valueRequired\":true,\"valueName\":\"search_term_string\"}}],\"inLanguage\":\"fr-FR\"},{\"@type\":\"Person\",\"@id\":\"https:\/\/regardsdechiens.fr\/#\/schema\/person\/ecbb207f27d28cad1aef994a0ed80f21\",\"name\":\"REGARDS DE CHIENS\",\"image\":{\"@type\":\"ImageObject\",\"inLanguage\":\"fr-FR\",\"@id\":\"https:\/\/regardsdechiens.fr\/#\/schema\/person\/image\/\",\"url\":\"https:\/\/regardsdechiens.fr\/wp-content\/plugins\/wp-user-avatar\/deprecated\/wp-user-avatar\/images\/wpua-96x96.png\",\"contentUrl\":\"https:\/\/regardsdechiens.fr\/wp-content\/plugins\/wp-user-avatar\/deprecated\/wp-user-avatar\/images\/wpua-96x96.png\",\"caption\":\"REGARDS DE CHIENS\"},\"url\":\"https:\/\/regardsdechiens.fr\/?author=15\"}]}<\/script>\n<!-- \/ Yoast SEO plugin. -->","yoast_head_json":{"title":"La sortie pique-nique \u00e0 Ploudalm\u00e9zeau dans le T\u00e9l\u00e9gramme - Association Regards de Chiens","robots":{"index":"index","follow":"follow","max-snippet":"max-snippet:-1","max-image-preview":"max-image-preview:large","max-video-preview":"max-video-preview:-1"},"canonical":"https:\/\/regardsdechiens.fr\/?p=403","og_locale":"fr_FR","og_type":"article","og_title":"La sortie pique-nique \u00e0 Ploudalm\u00e9zeau dans le T\u00e9l\u00e9gramme - Association Regards de Chiens","og_description":"Notre sortie de dimanche dernier est dans le journal ! Cliquez sur l&rsquo;image pour lire l&rsquo;article","og_url":"https:\/\/regardsdechiens.fr\/?p=403","og_site_name":"Association Regards de Chiens","article_published_time":"2015-06-10T09:23:37+00:00","article_modified_time":"2015-06-14T16:12:30+00:00","author":"REGARDS DE CHIENS","twitter_card":"summary_large_image","twitter_misc":{"\u00c9crit par":"REGARDS DE CHIENS"},"schema":{"@context":"https:\/\/schema.org","@graph":[{"@type":"WebPage","@id":"https:\/\/regardsdechiens.fr\/?p=403","url":"https:\/\/regardsdechiens.fr\/?p=403","name":"La sortie pique-nique \u00e0 Ploudalm\u00e9zeau dans le T\u00e9l\u00e9gramme - Association Regards de Chiens","isPartOf":{"@id":"https:\/\/regardsdechiens.fr\/#website"},"datePublished":"2015-06-10T09:23:37+00:00","dateModified":"2015-06-14T16:12:30+00:00","author":{"@id":"https:\/\/regardsdechiens.fr\/#\/schema\/person\/ecbb207f27d28cad1aef994a0ed80f21"},"breadcrumb":{"@id":"https:\/\/regardsdechiens.fr\/?p=403#breadcrumb"},"inLanguage":"fr-FR","potentialAction":[{"@type":"ReadAction","target":["https:\/\/regardsdechiens.fr\/?p=403"]}]},{"@type":"BreadcrumbList","@id":"https:\/\/regardsdechiens.fr\/?p=403#breadcrumb","itemListElement":[{"@type":"ListItem","position":1,"name":"Accueil","item":"https:\/\/regardsdechiens.fr\/"},{"@type":"ListItem","position":2,"name":"La sortie pique-nique \u00e0 Ploudalm\u00e9zeau dans le T\u00e9l\u00e9gramme"}]},{"@type":"WebSite","@id":"https:\/\/regardsdechiens.fr\/#website","url":"https:\/\/regardsdechiens.fr\/","name":"Association Regards de Chiens","description":"","potentialAction":[{"@type":"SearchAction","target":{"@type":"EntryPoint","urlTemplate":"https:\/\/regardsdechiens.fr\/?s={search_term_string}"},"query-input":{"@type":"PropertyValueSpecification","valueRequired":true,"valueName":"search_term_string"}}],"inLanguage":"fr-FR"},{"@type":"Person","@id":"https:\/\/regardsdechiens.fr\/#\/schema\/person\/ecbb207f27d28cad1aef994a0ed80f21","name":"REGARDS DE CHIENS","image":{"@type":"ImageObject","inLanguage":"fr-FR","@id":"https:\/\/regardsdechiens.fr\/#\/schema\/person\/image\/","url":"https:\/\/regardsdechiens.fr\/wp-content\/plugins\/wp-user-avatar\/deprecated\/wp-user-avatar\/images\/wpua-96x96.png","contentUrl":"https:\/\/regardsdechiens.fr\/wp-content\/plugins\/wp-user-avatar\/deprecated\/wp-user-avatar\/images\/wpua-96x96.png","caption":"REGARDS DE CHIENS"},"url":"https:\/\/regardsdechiens.fr\/?author=15"}]}},"_links":{"self":[{"href":"https:\/\/regardsdechiens.fr\/index.php?rest_route=\/wp\/v2\/posts\/403","targetHints":{"allow":["GET"]}}],"collection":[{"href":"https:\/\/regardsdechiens.fr\/index.php?rest_route=\/wp\/v2\/posts"}],"about":[{"href":"https:\/\/regardsdechiens.fr\/index.php?rest_route=\/wp\/v2\/types\/post"}],"author":[{"embeddable":true,"href":"https:\/\/regardsdechiens.fr\/index.php?rest_route=\/wp\/v2\/users\/15"}],"replies":[{"embeddable":true,"href":"https:\/\/regardsdechiens.fr\/index.php?rest_route=%2Fwp%2Fv2%2Fcomments&post=403"}],"version-history":[{"count":8,"href":"https:\/\/regardsdechiens.fr\/index.php?rest_route=\/wp\/v2\/posts\/403\/revisions"}],"predecessor-version":[{"id":443,"href":"https:\/\/regardsdechiens.fr\/index.php?rest_route=\/wp\/v2\/posts\/403\/revisions\/443"}],"wp:attachment":[{"href":"https:\/\/regardsdechiens.fr\/index.php?rest_route=%2Fwp%2Fv2%2Fmedia&parent=403"}],"wp:term":[{"taxonomy":"category","embeddable":true,"href":"https:\/\/regardsdechiens.fr\/index.php?rest_route=%2Fwp%2Fv2%2Fcategories&post=403"},{"taxonomy":"post_tag","embeddable":true,"href":"https:\/\/regardsdechiens.fr\/index.php?rest_route=%2Fwp%2Fv2%2Ftags&post=403"}],"curies":[{"name":"wp","href":"https:\/\/api.w.org\/{rel}","templated":true}]}}