{"id":1654,"date":"2022-08-20T22:45:43","date_gmt":"2022-08-20T21:45:43","guid":{"rendered":"http:\/\/www.regardsdechiens.fr\/?p=1654"},"modified":"2022-08-20T22:45:43","modified_gmt":"2022-08-20T21:45:43","slug":"rentree-des-classes","status":"publish","type":"post","link":"https:\/\/regardsdechiens.fr\/?p=1654","title":{"rendered":"RENTREE DES CLASSES"},"content":{"rendered":"<p>Vous trouverez ci-dessous le tableau des nouveaux horaires des cours d&rsquo;\u00e9ducation \u00e0 compter du DIMANCHE 4 septembre.<\/p>\n<p>Les cours d&rsquo;Agility et d&rsquo;Ob\u00e9issance\u00a0auront lieu le samedi apr\u00e8s midi \u00e0 compter du 3 septembre.<\/p>\n<p><img decoding=\"async\" src=\"\/wp-content\/uploads\/Horaires2022-2023-bis.jpg\" alt=\"\" \/><\/p>\n<p>Pour les disciplines, d\u2019autres cours seront dispens\u00e9s en semaine selon les conditions m\u00e9t\u00e9o et les dispositions des coachs. Ces derniers vous en informeront directement.<\/p>\n<p>N&rsquo;oubliez pas d&rsquo;apporter vos outils : collier plat &#8211; laisse &#8211; jouets &#8211; friandises &#8211; sac \u00e0 crottes <\/p>\n<p>A tr\u00e8s bient\u00f4t<br \/>\n&nbsp;<\/p>\n","protected":false},"excerpt":{"rendered":"<p>Vous trouverez ci-dessous le tableau des nouveaux horaires des cours d&rsquo;\u00e9ducation \u00e0 compter du DIMANCHE 4 septembre. Les cours d&rsquo;Agility et d&rsquo;Ob\u00e9issance\u00a0auront lieu le samedi apr\u00e8s midi \u00e0 compter du 3 septembre. Pour les disciplines, d\u2019autres cours seront dispens\u00e9s en &hellip; <a href=\"https:\/\/regardsdechiens.fr\/?p=1654\">Continuer la lecture <span class=\"meta-nav\">&rarr;<\/span><\/a><\/p>\n","protected":false},"author":15,"featured_media":0,"comment_status":"open","ping_status":"open","sticky":false,"template":"","format":"standard","meta":{"footnotes":""},"categories":[1],"tags":[],"class_list":["post-1654","post","type-post","status-publish","format-standard","hentry","category-evenements"],"yoast_head":"<!-- This site is optimized with the Yoast SEO plugin v24.0 - https:\/\/yoast.com\/wordpress\/plugins\/seo\/ -->\n<title>RENTREE DES CLASSES - Association Regards de Chiens<\/title>\n<meta name=\"robots\" content=\"index, follow, max-snippet:-1, max-image-preview:large, max-video-preview:-1\" \/>\n<link rel=\"canonical\" href=\"https:\/\/regardsdechiens.fr\/?p=1654\" \/>\n<meta property=\"og:locale\" content=\"fr_FR\" \/>\n<meta property=\"og:type\" content=\"article\" \/>\n<meta property=\"og:title\" content=\"RENTREE DES CLASSES - Association Regards de Chiens\" \/>\n<meta property=\"og:description\" content=\"Vous trouverez ci-dessous le tableau des nouveaux horaires des cours d&rsquo;\u00e9ducation \u00e0 compter du DIMANCHE 4 septembre. Les cours d&rsquo;Agility et d&rsquo;Ob\u00e9issance\u00a0auront lieu le samedi apr\u00e8s midi \u00e0 compter du 3 septembre. Pour les disciplines, d\u2019autres cours seront dispens\u00e9s en &hellip; Continuer la lecture &rarr;\" \/>\n<meta property=\"og:url\" content=\"https:\/\/regardsdechiens.fr\/?p=1654\" \/>\n<meta property=\"og:site_name\" content=\"Association Regards de Chiens\" \/>\n<meta property=\"article:published_time\" content=\"2022-08-20T21:45:43+00:00\" \/>\n<meta name=\"author\" content=\"REGARDS DE CHIENS\" \/>\n<meta name=\"twitter:card\" content=\"summary_large_image\" \/>\n<meta name=\"twitter:label1\" content=\"\u00c9crit par\" \/>\n\t<meta name=\"twitter:data1\" content=\"REGARDS DE CHIENS\" \/>\n<script type=\"application\/ld+json\" class=\"yoast-schema-graph\">{\"@context\":\"https:\/\/schema.org\",\"@graph\":[{\"@type\":\"WebPage\",\"@id\":\"https:\/\/regardsdechiens.fr\/?p=1654\",\"url\":\"https:\/\/regardsdechiens.fr\/?p=1654\",\"name\":\"RENTREE DES CLASSES - Association Regards de Chiens\",\"isPartOf\":{\"@id\":\"https:\/\/regardsdechiens.fr\/#website\"},\"datePublished\":\"2022-08-20T21:45:43+00:00\",\"dateModified\":\"2022-08-20T21:45:43+00:00\",\"author\":{\"@id\":\"https:\/\/regardsdechiens.fr\/#\/schema\/person\/ecbb207f27d28cad1aef994a0ed80f21\"},\"breadcrumb\":{\"@id\":\"https:\/\/regardsdechiens.fr\/?p=1654#breadcrumb\"},\"inLanguage\":\"fr-FR\",\"potentialAction\":[{\"@type\":\"ReadAction\",\"target\":[\"https:\/\/regardsdechiens.fr\/?p=1654\"]}]},{\"@type\":\"BreadcrumbList\",\"@id\":\"https:\/\/regardsdechiens.fr\/?p=1654#breadcrumb\",\"itemListElement\":[{\"@type\":\"ListItem\",\"position\":1,\"name\":\"Accueil\",\"item\":\"https:\/\/regardsdechiens.fr\/\"},{\"@type\":\"ListItem\",\"position\":2,\"name\":\"RENTREE DES CLASSES\"}]},{\"@type\":\"WebSite\",\"@id\":\"https:\/\/regardsdechiens.fr\/#website\",\"url\":\"https:\/\/regardsdechiens.fr\/\",\"name\":\"Association Regards de Chiens\",\"description\":\"\",\"potentialAction\":[{\"@type\":\"SearchAction\",\"target\":{\"@type\":\"EntryPoint\",\"urlTemplate\":\"https:\/\/regardsdechiens.fr\/?s={search_term_string}\"},\"query-input\":{\"@type\":\"PropertyValueSpecification\",\"valueRequired\":true,\"valueName\":\"search_term_string\"}}],\"inLanguage\":\"fr-FR\"},{\"@type\":\"Person\",\"@id\":\"https:\/\/regardsdechiens.fr\/#\/schema\/person\/ecbb207f27d28cad1aef994a0ed80f21\",\"name\":\"REGARDS DE CHIENS\",\"image\":{\"@type\":\"ImageObject\",\"inLanguage\":\"fr-FR\",\"@id\":\"https:\/\/regardsdechiens.fr\/#\/schema\/person\/image\/\",\"url\":\"https:\/\/regardsdechiens.fr\/wp-content\/plugins\/wp-user-avatar\/deprecated\/wp-user-avatar\/images\/wpua-96x96.png\",\"contentUrl\":\"https:\/\/regardsdechiens.fr\/wp-content\/plugins\/wp-user-avatar\/deprecated\/wp-user-avatar\/images\/wpua-96x96.png\",\"caption\":\"REGARDS DE CHIENS\"},\"url\":\"https:\/\/regardsdechiens.fr\/?author=15\"}]}<\/script>\n<!-- \/ Yoast SEO plugin. -->","yoast_head_json":{"title":"RENTREE DES CLASSES - Association Regards de Chiens","robots":{"index":"index","follow":"follow","max-snippet":"max-snippet:-1","max-image-preview":"max-image-preview:large","max-video-preview":"max-video-preview:-1"},"canonical":"https:\/\/regardsdechiens.fr\/?p=1654","og_locale":"fr_FR","og_type":"article","og_title":"RENTREE DES CLASSES - Association Regards de Chiens","og_description":"Vous trouverez ci-dessous le tableau des nouveaux horaires des cours d&rsquo;\u00e9ducation \u00e0 compter du DIMANCHE 4 septembre. Les cours d&rsquo;Agility et d&rsquo;Ob\u00e9issance\u00a0auront lieu le samedi apr\u00e8s midi \u00e0 compter du 3 septembre. Pour les disciplines, d\u2019autres cours seront dispens\u00e9s en &hellip; Continuer la lecture &rarr;","og_url":"https:\/\/regardsdechiens.fr\/?p=1654","og_site_name":"Association Regards de Chiens","article_published_time":"2022-08-20T21:45:43+00:00","author":"REGARDS DE CHIENS","twitter_card":"summary_large_image","twitter_misc":{"\u00c9crit par":"REGARDS DE CHIENS"},"schema":{"@context":"https:\/\/schema.org","@graph":[{"@type":"WebPage","@id":"https:\/\/regardsdechiens.fr\/?p=1654","url":"https:\/\/regardsdechiens.fr\/?p=1654","name":"RENTREE DES CLASSES - Association Regards de Chiens","isPartOf":{"@id":"https:\/\/regardsdechiens.fr\/#website"},"datePublished":"2022-08-20T21:45:43+00:00","dateModified":"2022-08-20T21:45:43+00:00","author":{"@id":"https:\/\/regardsdechiens.fr\/#\/schema\/person\/ecbb207f27d28cad1aef994a0ed80f21"},"breadcrumb":{"@id":"https:\/\/regardsdechiens.fr\/?p=1654#breadcrumb"},"inLanguage":"fr-FR","potentialAction":[{"@type":"ReadAction","target":["https:\/\/regardsdechiens.fr\/?p=1654"]}]},{"@type":"BreadcrumbList","@id":"https:\/\/regardsdechiens.fr\/?p=1654#breadcrumb","itemListElement":[{"@type":"ListItem","position":1,"name":"Accueil","item":"https:\/\/regardsdechiens.fr\/"},{"@type":"ListItem","position":2,"name":"RENTREE DES CLASSES"}]},{"@type":"WebSite","@id":"https:\/\/regardsdechiens.fr\/#website","url":"https:\/\/regardsdechiens.fr\/","name":"Association Regards de Chiens","description":"","potentialAction":[{"@type":"SearchAction","target":{"@type":"EntryPoint","urlTemplate":"https:\/\/regardsdechiens.fr\/?s={search_term_string}"},"query-input":{"@type":"PropertyValueSpecification","valueRequired":true,"valueName":"search_term_string"}}],"inLanguage":"fr-FR"},{"@type":"Person","@id":"https:\/\/regardsdechiens.fr\/#\/schema\/person\/ecbb207f27d28cad1aef994a0ed80f21","name":"REGARDS DE CHIENS","image":{"@type":"ImageObject","inLanguage":"fr-FR","@id":"https:\/\/regardsdechiens.fr\/#\/schema\/person\/image\/","url":"https:\/\/regardsdechiens.fr\/wp-content\/plugins\/wp-user-avatar\/deprecated\/wp-user-avatar\/images\/wpua-96x96.png","contentUrl":"https:\/\/regardsdechiens.fr\/wp-content\/plugins\/wp-user-avatar\/deprecated\/wp-user-avatar\/images\/wpua-96x96.png","caption":"REGARDS DE CHIENS"},"url":"https:\/\/regardsdechiens.fr\/?author=15"}]}},"_links":{"self":[{"href":"https:\/\/regardsdechiens.fr\/index.php?rest_route=\/wp\/v2\/posts\/1654","targetHints":{"allow":["GET"]}}],"collection":[{"href":"https:\/\/regardsdechiens.fr\/index.php?rest_route=\/wp\/v2\/posts"}],"about":[{"href":"https:\/\/regardsdechiens.fr\/index.php?rest_route=\/wp\/v2\/types\/post"}],"author":[{"embeddable":true,"href":"https:\/\/regardsdechiens.fr\/index.php?rest_route=\/wp\/v2\/users\/15"}],"replies":[{"embeddable":true,"href":"https:\/\/regardsdechiens.fr\/index.php?rest_route=%2Fwp%2Fv2%2Fcomments&post=1654"}],"version-history":[{"count":7,"href":"https:\/\/regardsdechiens.fr\/index.php?rest_route=\/wp\/v2\/posts\/1654\/revisions"}],"predecessor-version":[{"id":1661,"href":"https:\/\/regardsdechiens.fr\/index.php?rest_route=\/wp\/v2\/posts\/1654\/revisions\/1661"}],"wp:attachment":[{"href":"https:\/\/regardsdechiens.fr\/index.php?rest_route=%2Fwp%2Fv2%2Fmedia&parent=1654"}],"wp:term":[{"taxonomy":"category","embeddable":true,"href":"https:\/\/regardsdechiens.fr\/index.php?rest_route=%2Fwp%2Fv2%2Fcategories&post=1654"},{"taxonomy":"post_tag","embeddable":true,"href":"https:\/\/regardsdechiens.fr\/index.php?rest_route=%2Fwp%2Fv2%2Ftags&post=1654"}],"curies":[{"name":"wp","href":"https:\/\/api.w.org\/{rel}","templated":true}]}}