{"id":1332,"date":"2019-07-11T01:36:37","date_gmt":"2019-07-11T00:36:37","guid":{"rendered":"http:\/\/www.regardsdechiens.fr\/?p=1332"},"modified":"2019-07-11T01:36:37","modified_gmt":"2019-07-11T00:36:37","slug":"concours-dobeissance-a-guiscriff-2","status":"publish","type":"post","link":"https:\/\/regardsdechiens.fr\/?p=1332","title":{"rendered":"Concours d&rsquo;Ob\u00e9issance \u00e0 Guiscriff"},"content":{"rendered":"<p><center>Bravo \u00e0 Th\u00e9r\u00e8se et Hendjy pour leur premi\u00e8re place en classe 1 au concours de Guiscriff le 15 Juin 2019<br \/>\n<center><img decoding=\"async\" style=\"box-shadow: 2px 2px 2px 0 black; -moz-box-shadow: 2px 2px 2px 0 black; -webkit-box-shadow: 2px 2px 2px 0 black;\" src=\"wp-content\/uploads\/slider-wd\/Therese-Hendjy (158x300).jpg\" alt=\"\" \/><\/center><\/p>\n<p align=\"right\">\n","protected":false},"excerpt":{"rendered":"<p>Bravo \u00e0 Th\u00e9r\u00e8se et Hendjy pour leur premi\u00e8re place en classe 1 au concours de Guiscriff le 15 Juin 2019<\/p>\n","protected":false},"author":14,"featured_media":0,"comment_status":"open","ping_status":"open","sticky":false,"template":"","format":"standard","meta":{"footnotes":""},"categories":[1,9,14],"tags":[],"class_list":["post-1332","post","type-post","status-publish","format-standard","hentry","category-evenements","category-concours","category-participations"],"yoast_head":"<!-- This site is optimized with the Yoast SEO plugin v24.0 - https:\/\/yoast.com\/wordpress\/plugins\/seo\/ -->\n<title>Concours d&#039;Ob\u00e9issance \u00e0 Guiscriff - Association Regards de Chiens<\/title>\n<meta name=\"robots\" content=\"index, follow, max-snippet:-1, max-image-preview:large, max-video-preview:-1\" \/>\n<link rel=\"canonical\" href=\"https:\/\/regardsdechiens.fr\/?p=1332\" \/>\n<meta property=\"og:locale\" content=\"fr_FR\" \/>\n<meta property=\"og:type\" content=\"article\" \/>\n<meta property=\"og:title\" content=\"Concours d&#039;Ob\u00e9issance \u00e0 Guiscriff - Association Regards de Chiens\" \/>\n<meta property=\"og:description\" content=\"Bravo \u00e0 Th\u00e9r\u00e8se et Hendjy pour leur premi\u00e8re place en classe 1 au concours de Guiscriff le 15 Juin 2019\" \/>\n<meta property=\"og:url\" content=\"https:\/\/regardsdechiens.fr\/?p=1332\" \/>\n<meta property=\"og:site_name\" content=\"Association Regards de Chiens\" \/>\n<meta property=\"article:author\" content=\"mcjolle29\" \/>\n<meta property=\"article:published_time\" content=\"2019-07-11T00:36:37+00:00\" \/>\n<meta name=\"author\" content=\"Marie-Christine Jolle\" \/>\n<meta name=\"twitter:card\" content=\"summary_large_image\" \/>\n<meta name=\"twitter:label1\" content=\"\u00c9crit par\" \/>\n\t<meta name=\"twitter:data1\" content=\"Marie-Christine Jolle\" \/>\n<script type=\"application\/ld+json\" class=\"yoast-schema-graph\">{\"@context\":\"https:\/\/schema.org\",\"@graph\":[{\"@type\":\"WebPage\",\"@id\":\"https:\/\/regardsdechiens.fr\/?p=1332\",\"url\":\"https:\/\/regardsdechiens.fr\/?p=1332\",\"name\":\"Concours d'Ob\u00e9issance \u00e0 Guiscriff - Association Regards de Chiens\",\"isPartOf\":{\"@id\":\"https:\/\/regardsdechiens.fr\/#website\"},\"datePublished\":\"2019-07-11T00:36:37+00:00\",\"dateModified\":\"2019-07-11T00:36:37+00:00\",\"author\":{\"@id\":\"https:\/\/regardsdechiens.fr\/#\/schema\/person\/7da8c93c0bf59846f5da4ccfeb01b173\"},\"breadcrumb\":{\"@id\":\"https:\/\/regardsdechiens.fr\/?p=1332#breadcrumb\"},\"inLanguage\":\"fr-FR\",\"potentialAction\":[{\"@type\":\"ReadAction\",\"target\":[\"https:\/\/regardsdechiens.fr\/?p=1332\"]}]},{\"@type\":\"BreadcrumbList\",\"@id\":\"https:\/\/regardsdechiens.fr\/?p=1332#breadcrumb\",\"itemListElement\":[{\"@type\":\"ListItem\",\"position\":1,\"name\":\"Accueil\",\"item\":\"https:\/\/regardsdechiens.fr\/\"},{\"@type\":\"ListItem\",\"position\":2,\"name\":\"Concours d&rsquo;Ob\u00e9issance \u00e0 Guiscriff\"}]},{\"@type\":\"WebSite\",\"@id\":\"https:\/\/regardsdechiens.fr\/#website\",\"url\":\"https:\/\/regardsdechiens.fr\/\",\"name\":\"Association Regards de Chiens\",\"description\":\"\",\"potentialAction\":[{\"@type\":\"SearchAction\",\"target\":{\"@type\":\"EntryPoint\",\"urlTemplate\":\"https:\/\/regardsdechiens.fr\/?s={search_term_string}\"},\"query-input\":{\"@type\":\"PropertyValueSpecification\",\"valueRequired\":true,\"valueName\":\"search_term_string\"}}],\"inLanguage\":\"fr-FR\"},{\"@type\":\"Person\",\"@id\":\"https:\/\/regardsdechiens.fr\/#\/schema\/person\/7da8c93c0bf59846f5da4ccfeb01b173\",\"name\":\"Marie-Christine Jolle\",\"image\":{\"@type\":\"ImageObject\",\"inLanguage\":\"fr-FR\",\"@id\":\"https:\/\/regardsdechiens.fr\/#\/schema\/person\/image\/\",\"url\":\"https:\/\/regardsdechiens.fr\/wp-content\/plugins\/wp-user-avatar\/deprecated\/wp-user-avatar\/images\/wpua-96x96.png\",\"contentUrl\":\"https:\/\/regardsdechiens.fr\/wp-content\/plugins\/wp-user-avatar\/deprecated\/wp-user-avatar\/images\/wpua-96x96.png\",\"caption\":\"Marie-Christine Jolle\"},\"sameAs\":[\"mcjolle29\"],\"url\":\"https:\/\/regardsdechiens.fr\/?author=14\"}]}<\/script>\n<!-- \/ Yoast SEO plugin. -->","yoast_head_json":{"title":"Concours d'Ob\u00e9issance \u00e0 Guiscriff - Association Regards de Chiens","robots":{"index":"index","follow":"follow","max-snippet":"max-snippet:-1","max-image-preview":"max-image-preview:large","max-video-preview":"max-video-preview:-1"},"canonical":"https:\/\/regardsdechiens.fr\/?p=1332","og_locale":"fr_FR","og_type":"article","og_title":"Concours d'Ob\u00e9issance \u00e0 Guiscriff - Association Regards de Chiens","og_description":"Bravo \u00e0 Th\u00e9r\u00e8se et Hendjy pour leur premi\u00e8re place en classe 1 au concours de Guiscriff le 15 Juin 2019","og_url":"https:\/\/regardsdechiens.fr\/?p=1332","og_site_name":"Association Regards de Chiens","article_author":"mcjolle29","article_published_time":"2019-07-11T00:36:37+00:00","author":"Marie-Christine Jolle","twitter_card":"summary_large_image","twitter_misc":{"\u00c9crit par":"Marie-Christine Jolle"},"schema":{"@context":"https:\/\/schema.org","@graph":[{"@type":"WebPage","@id":"https:\/\/regardsdechiens.fr\/?p=1332","url":"https:\/\/regardsdechiens.fr\/?p=1332","name":"Concours d'Ob\u00e9issance \u00e0 Guiscriff - Association Regards de Chiens","isPartOf":{"@id":"https:\/\/regardsdechiens.fr\/#website"},"datePublished":"2019-07-11T00:36:37+00:00","dateModified":"2019-07-11T00:36:37+00:00","author":{"@id":"https:\/\/regardsdechiens.fr\/#\/schema\/person\/7da8c93c0bf59846f5da4ccfeb01b173"},"breadcrumb":{"@id":"https:\/\/regardsdechiens.fr\/?p=1332#breadcrumb"},"inLanguage":"fr-FR","potentialAction":[{"@type":"ReadAction","target":["https:\/\/regardsdechiens.fr\/?p=1332"]}]},{"@type":"BreadcrumbList","@id":"https:\/\/regardsdechiens.fr\/?p=1332#breadcrumb","itemListElement":[{"@type":"ListItem","position":1,"name":"Accueil","item":"https:\/\/regardsdechiens.fr\/"},{"@type":"ListItem","position":2,"name":"Concours d&rsquo;Ob\u00e9issance \u00e0 Guiscriff"}]},{"@type":"WebSite","@id":"https:\/\/regardsdechiens.fr\/#website","url":"https:\/\/regardsdechiens.fr\/","name":"Association Regards de Chiens","description":"","potentialAction":[{"@type":"SearchAction","target":{"@type":"EntryPoint","urlTemplate":"https:\/\/regardsdechiens.fr\/?s={search_term_string}"},"query-input":{"@type":"PropertyValueSpecification","valueRequired":true,"valueName":"search_term_string"}}],"inLanguage":"fr-FR"},{"@type":"Person","@id":"https:\/\/regardsdechiens.fr\/#\/schema\/person\/7da8c93c0bf59846f5da4ccfeb01b173","name":"Marie-Christine Jolle","image":{"@type":"ImageObject","inLanguage":"fr-FR","@id":"https:\/\/regardsdechiens.fr\/#\/schema\/person\/image\/","url":"https:\/\/regardsdechiens.fr\/wp-content\/plugins\/wp-user-avatar\/deprecated\/wp-user-avatar\/images\/wpua-96x96.png","contentUrl":"https:\/\/regardsdechiens.fr\/wp-content\/plugins\/wp-user-avatar\/deprecated\/wp-user-avatar\/images\/wpua-96x96.png","caption":"Marie-Christine Jolle"},"sameAs":["mcjolle29"],"url":"https:\/\/regardsdechiens.fr\/?author=14"}]}},"_links":{"self":[{"href":"https:\/\/regardsdechiens.fr\/index.php?rest_route=\/wp\/v2\/posts\/1332","targetHints":{"allow":["GET"]}}],"collection":[{"href":"https:\/\/regardsdechiens.fr\/index.php?rest_route=\/wp\/v2\/posts"}],"about":[{"href":"https:\/\/regardsdechiens.fr\/index.php?rest_route=\/wp\/v2\/types\/post"}],"author":[{"embeddable":true,"href":"https:\/\/regardsdechiens.fr\/index.php?rest_route=\/wp\/v2\/users\/14"}],"replies":[{"embeddable":true,"href":"https:\/\/regardsdechiens.fr\/index.php?rest_route=%2Fwp%2Fv2%2Fcomments&post=1332"}],"version-history":[{"count":53,"href":"https:\/\/regardsdechiens.fr\/index.php?rest_route=\/wp\/v2\/posts\/1332\/revisions"}],"predecessor-version":[{"id":1468,"href":"https:\/\/regardsdechiens.fr\/index.php?rest_route=\/wp\/v2\/posts\/1332\/revisions\/1468"}],"wp:attachment":[{"href":"https:\/\/regardsdechiens.fr\/index.php?rest_route=%2Fwp%2Fv2%2Fmedia&parent=1332"}],"wp:term":[{"taxonomy":"category","embeddable":true,"href":"https:\/\/regardsdechiens.fr\/index.php?rest_route=%2Fwp%2Fv2%2Fcategories&post=1332"},{"taxonomy":"post_tag","embeddable":true,"href":"https:\/\/regardsdechiens.fr\/index.php?rest_route=%2Fwp%2Fv2%2Ftags&post=1332"}],"curies":[{"name":"wp","href":"https:\/\/api.w.org\/{rel}","templated":true}]}}