{"id":1156,"date":"2017-06-24T06:21:16","date_gmt":"2017-06-24T05:21:16","guid":{"rendered":"http:\/\/www.regardsdechiens.fr\/?p=1156"},"modified":"2017-06-29T09:28:47","modified_gmt":"2017-06-29T08:28:47","slug":"concours-dagility-a-theix-le-24-juin","status":"publish","type":"post","link":"https:\/\/regardsdechiens.fr\/?p=1156","title":{"rendered":"Concours d&rsquo;agility \u00e0 Theix le 24 juin"},"content":{"rendered":"<p>Une partie de nos agilitistes \u00e9taient \u00e0 Theix ce week-end !<\/p>\n<p><img decoding=\"async\" src=\"\/wp-content\/uploads\/pucepatte.png\">&nbsp;&nbsp;<a href=\"wp-content\/uploads\/2017\/06\/theix-agistd-a-senior.jpg\" target=\"_blank\"><b>Agility standard &#8211; cat\u00e9gorie A- classe Senior<\/b><\/a><br \/>Erwann et Hermine sont 2\u00e8mes (excellent).<\/p>\n<p><img decoding=\"async\" src=\"\/wp-content\/uploads\/pucepatte.png\">&nbsp;&nbsp;<a href=\"wp-content\/uploads\/2017\/06\/theix-agistd-c-jeune.jpg\" target=\"_blank\"><b>Agility standard &#8211; cat\u00e9gorie C- classe Jeune<\/b><\/a><br \/>Le\u00efa et Dasty obtiennent un tr\u00e8s bon.<\/p>\n<p><img decoding=\"async\" src=\"\/wp-content\/uploads\/pucepatte.png\">&nbsp;&nbsp;<a href=\"wp-content\/uploads\/2017\/06\/theix-agi1-c-senior.jpg\" target=\"_blank\"><b>Agility 1 &#8211; cat\u00e9gorie C- classe Senior<\/b><\/a><br \/>Le\u00efa et Irish sont 4\u00e8mes (excellent).<\/p>\n<p><img decoding=\"async\" src=\"\/wp-content\/uploads\/pucepatte.png\">&nbsp;&nbsp;<a href=\"wp-content\/uploads\/2017\/06\/theix-agi2-a-senior.jpg\" target=\"_blank\"><b>Agility 2 &#8211; cat\u00e9gorie A- classe Senior<\/b><\/a><br \/>Erwann et Hermine sont 1ers (excellent).<\/p>\n<p><img decoding=\"async\" src=\"\/wp-content\/uploads\/pucepatte.png\">&nbsp;&nbsp;<a href=\"wp-content\/uploads\/2017\/06\/theix-jumpingstd-c-senior.jpg\" target=\"_blank\"><b>Jumping standard &#8211; cat\u00e9gorie C &#8211; classe Senior<\/b><\/a><br \/>Pascale et Bobine sont 18\u00e8mes (tr\u00e8s bon).<\/p>\n<p>Et en bonus, la compilation vid\u00e9o des prestations de Le\u00efa :<br \/>\n<a href=\"https:\/\/www.youtube.com\/watch?v=WHTT5Hh64Bg&#038;feature=youtu.be\" target=\"_blank\"><img decoding=\"async\" src=\"\/wp-content\/uploads\/camera.png\">&nbsp;&nbsp;Le\u00efa et Dasty<\/a><br \/>\n<a href=\"https:\/\/www.youtube.com\/watch?v=f-pxI1_Uu5Q&#038;feature=youtu.be\" target=\"_blank\"><img decoding=\"async\" src=\"\/wp-content\/uploads\/camera.png\">&nbsp;&nbsp;Le\u00efa et Irish<\/a><\/p>\n","protected":false},"excerpt":{"rendered":"<p>Une partie de nos agilitistes \u00e9taient \u00e0 Theix ce week-end ! &nbsp;&nbsp;Agility standard &#8211; cat\u00e9gorie A- classe SeniorErwann et Hermine sont 2\u00e8mes (excellent). &nbsp;&nbsp;Agility standard &#8211; cat\u00e9gorie C- classe JeuneLe\u00efa et Dasty obtiennent un tr\u00e8s bon. &nbsp;&nbsp;Agility 1 &#8211; cat\u00e9gorie &hellip; <a href=\"https:\/\/regardsdechiens.fr\/?p=1156\">Continuer la lecture <span class=\"meta-nav\">&rarr;<\/span><\/a><\/p>\n","protected":false},"author":15,"featured_media":0,"comment_status":"open","ping_status":"open","sticky":false,"template":"","format":"standard","meta":{"footnotes":""},"categories":[1,9,14],"tags":[],"class_list":["post-1156","post","type-post","status-publish","format-standard","hentry","category-evenements","category-concours","category-participations"],"yoast_head":"<!-- This site is optimized with the Yoast SEO plugin v24.0 - https:\/\/yoast.com\/wordpress\/plugins\/seo\/ -->\n<title>Concours d&#039;agility \u00e0 Theix le 24 juin - Association Regards de Chiens<\/title>\n<meta name=\"robots\" content=\"index, follow, max-snippet:-1, max-image-preview:large, max-video-preview:-1\" \/>\n<link rel=\"canonical\" href=\"https:\/\/regardsdechiens.fr\/?p=1156\" \/>\n<meta property=\"og:locale\" content=\"fr_FR\" \/>\n<meta property=\"og:type\" content=\"article\" \/>\n<meta property=\"og:title\" content=\"Concours d&#039;agility \u00e0 Theix le 24 juin - Association Regards de Chiens\" \/>\n<meta property=\"og:description\" content=\"Une partie de nos agilitistes \u00e9taient \u00e0 Theix ce week-end ! &nbsp;&nbsp;Agility standard &#8211; cat\u00e9gorie A- classe SeniorErwann et Hermine sont 2\u00e8mes (excellent). &nbsp;&nbsp;Agility standard &#8211; cat\u00e9gorie C- classe JeuneLe\u00efa et Dasty obtiennent un tr\u00e8s bon. &nbsp;&nbsp;Agility 1 &#8211; cat\u00e9gorie &hellip; Continuer la lecture &rarr;\" \/>\n<meta property=\"og:url\" content=\"https:\/\/regardsdechiens.fr\/?p=1156\" \/>\n<meta property=\"og:site_name\" content=\"Association Regards de Chiens\" \/>\n<meta property=\"article:published_time\" content=\"2017-06-24T05:21:16+00:00\" \/>\n<meta property=\"article:modified_time\" content=\"2017-06-29T08:28:47+00:00\" \/>\n<meta name=\"author\" content=\"REGARDS DE CHIENS\" \/>\n<meta name=\"twitter:card\" content=\"summary_large_image\" \/>\n<meta name=\"twitter:label1\" content=\"\u00c9crit par\" \/>\n\t<meta name=\"twitter:data1\" content=\"REGARDS DE CHIENS\" \/>\n\t<meta name=\"twitter:label2\" content=\"Dur\u00e9e de lecture estim\u00e9e\" \/>\n\t<meta name=\"twitter:data2\" content=\"1 minute\" \/>\n<script type=\"application\/ld+json\" class=\"yoast-schema-graph\">{\"@context\":\"https:\/\/schema.org\",\"@graph\":[{\"@type\":\"WebPage\",\"@id\":\"https:\/\/regardsdechiens.fr\/?p=1156\",\"url\":\"https:\/\/regardsdechiens.fr\/?p=1156\",\"name\":\"Concours d'agility \u00e0 Theix le 24 juin - Association Regards de Chiens\",\"isPartOf\":{\"@id\":\"https:\/\/regardsdechiens.fr\/#website\"},\"datePublished\":\"2017-06-24T05:21:16+00:00\",\"dateModified\":\"2017-06-29T08:28:47+00:00\",\"author\":{\"@id\":\"https:\/\/regardsdechiens.fr\/#\/schema\/person\/ecbb207f27d28cad1aef994a0ed80f21\"},\"breadcrumb\":{\"@id\":\"https:\/\/regardsdechiens.fr\/?p=1156#breadcrumb\"},\"inLanguage\":\"fr-FR\",\"potentialAction\":[{\"@type\":\"ReadAction\",\"target\":[\"https:\/\/regardsdechiens.fr\/?p=1156\"]}]},{\"@type\":\"BreadcrumbList\",\"@id\":\"https:\/\/regardsdechiens.fr\/?p=1156#breadcrumb\",\"itemListElement\":[{\"@type\":\"ListItem\",\"position\":1,\"name\":\"Accueil\",\"item\":\"https:\/\/regardsdechiens.fr\/\"},{\"@type\":\"ListItem\",\"position\":2,\"name\":\"Concours d&rsquo;agility \u00e0 Theix le 24 juin\"}]},{\"@type\":\"WebSite\",\"@id\":\"https:\/\/regardsdechiens.fr\/#website\",\"url\":\"https:\/\/regardsdechiens.fr\/\",\"name\":\"Association Regards de Chiens\",\"description\":\"\",\"potentialAction\":[{\"@type\":\"SearchAction\",\"target\":{\"@type\":\"EntryPoint\",\"urlTemplate\":\"https:\/\/regardsdechiens.fr\/?s={search_term_string}\"},\"query-input\":{\"@type\":\"PropertyValueSpecification\",\"valueRequired\":true,\"valueName\":\"search_term_string\"}}],\"inLanguage\":\"fr-FR\"},{\"@type\":\"Person\",\"@id\":\"https:\/\/regardsdechiens.fr\/#\/schema\/person\/ecbb207f27d28cad1aef994a0ed80f21\",\"name\":\"REGARDS DE CHIENS\",\"image\":{\"@type\":\"ImageObject\",\"inLanguage\":\"fr-FR\",\"@id\":\"https:\/\/regardsdechiens.fr\/#\/schema\/person\/image\/\",\"url\":\"https:\/\/regardsdechiens.fr\/wp-content\/plugins\/wp-user-avatar\/deprecated\/wp-user-avatar\/images\/wpua-96x96.png\",\"contentUrl\":\"https:\/\/regardsdechiens.fr\/wp-content\/plugins\/wp-user-avatar\/deprecated\/wp-user-avatar\/images\/wpua-96x96.png\",\"caption\":\"REGARDS DE CHIENS\"},\"url\":\"https:\/\/regardsdechiens.fr\/?author=15\"}]}<\/script>\n<!-- \/ Yoast SEO plugin. -->","yoast_head_json":{"title":"Concours d'agility \u00e0 Theix le 24 juin - Association Regards de Chiens","robots":{"index":"index","follow":"follow","max-snippet":"max-snippet:-1","max-image-preview":"max-image-preview:large","max-video-preview":"max-video-preview:-1"},"canonical":"https:\/\/regardsdechiens.fr\/?p=1156","og_locale":"fr_FR","og_type":"article","og_title":"Concours d'agility \u00e0 Theix le 24 juin - Association Regards de Chiens","og_description":"Une partie de nos agilitistes \u00e9taient \u00e0 Theix ce week-end ! &nbsp;&nbsp;Agility standard &#8211; cat\u00e9gorie A- classe SeniorErwann et Hermine sont 2\u00e8mes (excellent). &nbsp;&nbsp;Agility standard &#8211; cat\u00e9gorie C- classe JeuneLe\u00efa et Dasty obtiennent un tr\u00e8s bon. &nbsp;&nbsp;Agility 1 &#8211; cat\u00e9gorie &hellip; Continuer la lecture &rarr;","og_url":"https:\/\/regardsdechiens.fr\/?p=1156","og_site_name":"Association Regards de Chiens","article_published_time":"2017-06-24T05:21:16+00:00","article_modified_time":"2017-06-29T08:28:47+00:00","author":"REGARDS DE CHIENS","twitter_card":"summary_large_image","twitter_misc":{"\u00c9crit par":"REGARDS DE CHIENS","Dur\u00e9e de lecture estim\u00e9e":"1 minute"},"schema":{"@context":"https:\/\/schema.org","@graph":[{"@type":"WebPage","@id":"https:\/\/regardsdechiens.fr\/?p=1156","url":"https:\/\/regardsdechiens.fr\/?p=1156","name":"Concours d'agility \u00e0 Theix le 24 juin - Association Regards de Chiens","isPartOf":{"@id":"https:\/\/regardsdechiens.fr\/#website"},"datePublished":"2017-06-24T05:21:16+00:00","dateModified":"2017-06-29T08:28:47+00:00","author":{"@id":"https:\/\/regardsdechiens.fr\/#\/schema\/person\/ecbb207f27d28cad1aef994a0ed80f21"},"breadcrumb":{"@id":"https:\/\/regardsdechiens.fr\/?p=1156#breadcrumb"},"inLanguage":"fr-FR","potentialAction":[{"@type":"ReadAction","target":["https:\/\/regardsdechiens.fr\/?p=1156"]}]},{"@type":"BreadcrumbList","@id":"https:\/\/regardsdechiens.fr\/?p=1156#breadcrumb","itemListElement":[{"@type":"ListItem","position":1,"name":"Accueil","item":"https:\/\/regardsdechiens.fr\/"},{"@type":"ListItem","position":2,"name":"Concours d&rsquo;agility \u00e0 Theix le 24 juin"}]},{"@type":"WebSite","@id":"https:\/\/regardsdechiens.fr\/#website","url":"https:\/\/regardsdechiens.fr\/","name":"Association Regards de Chiens","description":"","potentialAction":[{"@type":"SearchAction","target":{"@type":"EntryPoint","urlTemplate":"https:\/\/regardsdechiens.fr\/?s={search_term_string}"},"query-input":{"@type":"PropertyValueSpecification","valueRequired":true,"valueName":"search_term_string"}}],"inLanguage":"fr-FR"},{"@type":"Person","@id":"https:\/\/regardsdechiens.fr\/#\/schema\/person\/ecbb207f27d28cad1aef994a0ed80f21","name":"REGARDS DE CHIENS","image":{"@type":"ImageObject","inLanguage":"fr-FR","@id":"https:\/\/regardsdechiens.fr\/#\/schema\/person\/image\/","url":"https:\/\/regardsdechiens.fr\/wp-content\/plugins\/wp-user-avatar\/deprecated\/wp-user-avatar\/images\/wpua-96x96.png","contentUrl":"https:\/\/regardsdechiens.fr\/wp-content\/plugins\/wp-user-avatar\/deprecated\/wp-user-avatar\/images\/wpua-96x96.png","caption":"REGARDS DE CHIENS"},"url":"https:\/\/regardsdechiens.fr\/?author=15"}]}},"_links":{"self":[{"href":"https:\/\/regardsdechiens.fr\/index.php?rest_route=\/wp\/v2\/posts\/1156","targetHints":{"allow":["GET"]}}],"collection":[{"href":"https:\/\/regardsdechiens.fr\/index.php?rest_route=\/wp\/v2\/posts"}],"about":[{"href":"https:\/\/regardsdechiens.fr\/index.php?rest_route=\/wp\/v2\/types\/post"}],"author":[{"embeddable":true,"href":"https:\/\/regardsdechiens.fr\/index.php?rest_route=\/wp\/v2\/users\/15"}],"replies":[{"embeddable":true,"href":"https:\/\/regardsdechiens.fr\/index.php?rest_route=%2Fwp%2Fv2%2Fcomments&post=1156"}],"version-history":[{"count":3,"href":"https:\/\/regardsdechiens.fr\/index.php?rest_route=\/wp\/v2\/posts\/1156\/revisions"}],"predecessor-version":[{"id":1159,"href":"https:\/\/regardsdechiens.fr\/index.php?rest_route=\/wp\/v2\/posts\/1156\/revisions\/1159"}],"wp:attachment":[{"href":"https:\/\/regardsdechiens.fr\/index.php?rest_route=%2Fwp%2Fv2%2Fmedia&parent=1156"}],"wp:term":[{"taxonomy":"category","embeddable":true,"href":"https:\/\/regardsdechiens.fr\/index.php?rest_route=%2Fwp%2Fv2%2Fcategories&post=1156"},{"taxonomy":"post_tag","embeddable":true,"href":"https:\/\/regardsdechiens.fr\/index.php?rest_route=%2Fwp%2Fv2%2Ftags&post=1156"}],"curies":[{"name":"wp","href":"https:\/\/api.w.org\/{rel}","templated":true}]}}